{"id":28065,"date":"2025-04-17T16:37:48","date_gmt":"2025-04-17T14:37:48","guid":{"rendered":"https:\/\/www.biometic.com\/unkategorisiert\/microtec-aenderungen-der-eigentuemer-struktur\/"},"modified":"2025-05-02T11:50:30","modified_gmt":"2025-05-02T09:50:30","slug":"microtec-aenderungen-der-eigentuemerstruktur","status":"publish","type":"post","link":"https:\/\/www.biometic.com\/de\/blog-de\/microtec-aenderungen-der-eigentuemerstruktur\/","title":{"rendered":"MiCROTEC beginnt eine neue \u00c4ra mit einer \u00c4nderung der Eigent\u00fcmerstruktur &#8211; Gr\u00fcnder und Pr\u00e4sident Federico Giudiceandrea bleibt im Vorstand"},"content":{"rendered":"\n<p><strong>Clessidra Private Equity SGR<\/strong> \u2013 eine der gr\u00f6\u00dften italienischen Private-Equity-Gesellschaften mit Fokus auf den oberen Mittelstand und Teil der Clessidra-Gruppe, einem f\u00fchrenden Anbieter alternativer Investments in Italien \u2013 gibt die \u00dcbernahme von <a href=\"http:\/\/www.microtec.com\"><strong><strong>MiCROTEC <\/strong><\/strong><\/a>von der \u00f6sterreichischen <strong>GSS GmbH<\/strong> bekannt. Der Gr\u00fcnder und Pr\u00e4sident von MiCROTEC, <strong>Federico Giudiceandrea<\/strong>, <strong>wird seine Anteile am Unternehmen behalten<\/strong> und weiterhin eine zentrale Rolle in der F&amp;E-Strategie des Unternehmens spielen. Er wird das Unternehmen durch die n\u00e4chste Innovationswelle f\u00fchren.<\/p>\n\n<p>Seit seiner Gr\u00fcndung <strong>behauptet <\/strong>MiCROTEC <strong>seinen Wettbewerbsvorsprung<\/strong> durch eine vollst\u00e4ndig hausinterne Entwicklung aller relevanten Schl\u00fcsselkomponenten und Softwarel\u00f6sungen \u2013 durchgef\u00fchrt von einem <strong>qualifizierten Team aus \u00fcber 150 Ingenieuren<\/strong>. Heute bietet MiCROTEC <strong>integrierte Scanl\u00f6sungen<\/strong> sowohl<strong> f\u00fcr die Holzverarbeitung <\/strong>als auch- <strong>unter der Marke <a href=\"http:\/\/www.biometic.com\">BIOMETiC<\/a><\/strong> &#8211;<strong> f\u00fcr die Qualit\u00e4tskontrolle von Lebensmitteln<\/strong> an.<\/p>\n\n<p>In den letzten zehn Jahren wurde das <strong>Wachstum von MiCROTEC<\/strong> durch den <strong>europ\u00e4ischen Kernmarkt<\/strong>, die Expansion in <strong>Nordamerika<\/strong> sowie den <strong>Ausbau des Servicegesch\u00e4fts<\/strong> vorangetrieben. Weltweit wachsen Bildverarbeitungsl\u00f6sungen weiterhin stark \u00fcber eine Vielzahl von Endm\u00e4rkten hinweg. Kunden investieren verst\u00e4rkt in solche Technologien, <strong>um ihre Produktionsprozesse zu optimieren und h\u00f6here Effizienz, Ausbeute und Qualit\u00e4t zu erzielen.<\/strong><\/p>\n\n<p>Das Investment in MiCROTEC von <strong>Clessidra<\/strong> wird den ehrgeizigen Wachstumskurs von MiCROTEC unterst\u00fctzen. Im Rahmen der Transaktion wird <strong>Federico Giudiceandrea erneut in das Unternehmen investieren<\/strong> und bleibt \u2013 gemeinsam mit den wichtigsten F\u00fchrungskr\u00e4ften, CEO<strong> Frank J\u00f6st<\/strong> und CSO<strong> Arianna Giudiceandrea<\/strong> \u2013 eine zentrale Figur, um die Kontinuit\u00e4t in der n\u00e4chsten Wachstumsphase des Unternehmens sicherzustellen.<\/p>\n\n<div style=\"height:35px\" aria-hidden=\"true\" class=\"wp-block-spacer\"><\/div>\n\n<figure class=\"wp-block-image size-large\"><img fetchpriority=\"high\" decoding=\"async\" width=\"1024\" height=\"576\" src=\"https:\/\/www.biometic.com\/wp-content\/uploads\/2025\/04\/Company-Building-incl-Management-1024x576.jpg\" alt=\"\" class=\"wp-image-28042\" srcset=\"https:\/\/www.biometic.com\/wp-content\/uploads\/2025\/04\/Company-Building-incl-Management-1024x576.jpg 1024w, https:\/\/www.biometic.com\/wp-content\/uploads\/2025\/04\/Company-Building-incl-Management-300x169.jpg 300w, https:\/\/www.biometic.com\/wp-content\/uploads\/2025\/04\/Company-Building-incl-Management-768x432.jpg 768w, https:\/\/www.biometic.com\/wp-content\/uploads\/2025\/04\/Company-Building-incl-Management-1536x864.jpg 1536w, https:\/\/www.biometic.com\/wp-content\/uploads\/2025\/04\/Company-Building-incl-Management.jpg 1920w\" sizes=\"(max-width: 1024px) 100vw, 1024px\" \/><\/figure>\n\n<p><em>Von links nach rechts: Frank J\u00f6st (CEO MiCROTEC), Federico Giudiceandrea (President &amp; Founder MiCROTEC) und Arianna Giudiceandrea (CSO MiCROTEC)<\/em><\/p>\n\n<div style=\"height:35px\" aria-hidden=\"true\" class=\"wp-block-spacer\"><\/div>\n\n<blockquote class=\"wp-block-quote is-layout-flow wp-block-quote-is-layout-flow\">\n<blockquote class=\"wp-block-quote is-layout-flow wp-block-quote-is-layout-flow\">\n<p><p>\u201eWir haben 1980 ein Unternehmen gegr\u00fcndet, das sich <strong>zu einem internationalen Marktf\u00fchrer in seinem Bereich entwickelt hat<\/strong>. Wir freuen uns sehr \u00fcber die Partnerschaft mit Clessidra, von der wir \u00fcberzeugt sind, dass sie MiCROTEC\u00b4s globale Expansion und die Diversifizierung der Gesch\u00e4ftsbereiche weiter beschleunigen wird\u201c, sagte <strong>Federico Giudiceandrea<\/strong>, Pr\u00e4sident von MiCROTEC. \u201e<strong>Clessidra sch\u00e4tzt unser kompromissloses Engagement f\u00fcr Innovation und Exzellenz<\/strong>, mit dem wir unser Unternehmen an der Spitze der industriellen Bildverarbeitung halten. Wir wissen, dass ihre finanzielle und operative Expertise <strong>in der n\u00e4chsten Wachstumsphase von unsch\u00e4tzbarem Wert<\/strong> sein wird. Gemeinsam mit Clessidra freuen wir uns darauf, <strong>unsere globale Pr\u00e4senz auszubauen<\/strong> und unseren Wachstumskurs fortzusetzen. Wir wollen dabei aber stets den Qualit\u00e4ten und Werten treu zu bleiben, die uns an die heutige Position gebracht haben.\u201c<br\/><br\/>\u201eWir freuen uns sehr \u00fcber die Partnerschaft mit MiCROTEC, das sich in den vergangenen Jahren<strong> als bevorzugter Partner f\u00fchrender Unternehmen sowohl in der Holz- als auch in der Lebensmittelindustrie etabliert hat<\/strong>\u201c, sagte Andrea <strong>Ottaviano<\/strong>, CEO von Clessidra Private Equity SGR. \u201eMiCROTEC hat seine Referenzm\u00e4rkte <strong>kontinuierlich \u00fcbertroffen<\/strong> und <strong>in den letzten 15 Jahren zweistellige Umsatzzuw\u00e4chse erzielt<\/strong>. Wir danken der Familie Springer herzlich f\u00fcr ihre wertvolle Rolle in den vergangenen Jahren und freuen uns auf die Fortsetzung der erfolgreichen Zusammenarbeit.\u201c<\/p><\/p>\n\n\n\n<p><strong>Rebecka Swenson<\/strong>, Managing Director bei Clessidra Private Equity SGR, erg\u00e4nzt: \u201eWir sehen enormes Marktwachstumspotenzial angesichts des anhaltenden Fokus auf innovative Scanl\u00f6sungen. W\u00e4hrend wir auf dem bisherigen Erfolg aufbauen, ist es unser Ziel, auch <strong>geeignete Zielunternehmen in den Kernsegmenten zu identifizieren<\/strong>, um das bereits definierte organische Wachstum weiter zu beschleunigen. In diesem Zusammenhang freuen wir uns sehr darauf, gemeinsam mit Federico und dem herausragenden Team von MiCROTEC ihre Vision zu unterst\u00fctzen.\u201c<\/p>\n\n\n\n<p><a href=\"https:\/\/www.clessidragroup.it\/en\/clessidra-private-equity-acquires-microtec\/?_gl=1*128vygp*_up*MQ..*_ga*MTg0ODc3MDEwOS4xNzQ0OTYxNDE1*_ga_2QVTCMYNFT*MTc0NDk2MTQxNS4xLjEuMTc0NDk2MTQzOC4wLjAuMA..\">Hier<\/a> finden Sie die vollst\u00e4ndige Pressemitteilung seitens Clessidra.<\/p>\n<\/blockquote>\n<\/blockquote>\n","protected":false},"excerpt":{"rendered":"<p>Clessidra Private Equity erwirbt MiCROTEC, den Marktf\u00fchrer f\u00fcr innovative Scanl\u00f6sungen f\u00fcr Holz und, mit der Marke BIOMETiC, auch f\u00fcr die Qualit\u00e4tskontrolle von Lebensmitteln.<\/p>\n","protected":false},"author":6,"featured_media":28046,"comment_status":"closed","ping_status":"open","sticky":false,"template":"","format":"standard","meta":{"_acf_changed":false,"inline_featured_image":false,"footnotes":""},"categories":[56],"tags":[58,97],"class_list":["post-28065","post","type-post","status-publish","format-standard","has-post-thumbnail","hentry","category-blog-de","tag-mito-de","tag-qeye-de"],"acf":[],"yoast_head":"<!-- This site is optimized with the Yoast SEO plugin v24.0 - https:\/\/yoast.com\/wordpress\/plugins\/seo\/ -->\n<title>MiCROTEC beginnt eine neue \u00c4ra mit einer \u00c4nderung der Eigent\u00fcmerstruktur<\/title>\n<meta name=\"description\" content=\"Clessidra Private Equity erwirbt MiCROTEC, den Marktf\u00fchrer f\u00fcr innovative Scanl\u00f6sungen f\u00fcr Holz und, mit der Marke BIOMETiC, auch f\u00fcr die Qualit\u00e4tskontrolle von Lebensmitteln.\" \/>\n<meta name=\"robots\" content=\"index, follow, max-snippet:-1, max-image-preview:large, max-video-preview:-1\" \/>\n<link rel=\"canonical\" href=\"https:\/\/www.biometic.com\/de\/blog-de\/microtec-aenderungen-der-eigentuemerstruktur\/\" \/>\n<meta property=\"og:locale\" content=\"de_DE\" \/>\n<meta property=\"og:type\" content=\"article\" \/>\n<meta property=\"og:title\" content=\"MiCROTEC beginnt eine neue \u00c4ra mit einer \u00c4nderung der Eigent\u00fcmerstruktur\" \/>\n<meta property=\"og:description\" content=\"Clessidra Private Equity erwirbt MiCROTEC, den Marktf\u00fchrer f\u00fcr innovative Scanl\u00f6sungen f\u00fcr Holz und, mit der Marke BIOMETiC, auch f\u00fcr die Qualit\u00e4tskontrolle von Lebensmitteln.\" \/>\n<meta property=\"og:url\" content=\"https:\/\/www.biometic.com\/de\/blog-de\/microtec-aenderungen-der-eigentuemerstruktur\/\" \/>\n<meta property=\"og:site_name\" content=\"BIOMETiC\" \/>\n<meta property=\"article:published_time\" content=\"2025-04-17T14:37:48+00:00\" \/>\n<meta property=\"article:modified_time\" content=\"2025-05-02T09:50:30+00:00\" \/>\n<meta property=\"og:image\" content=\"https:\/\/www.biometic.com\/wp-content\/uploads\/2025\/04\/Company-building-1.jpg\" \/>\n\t<meta property=\"og:image:width\" content=\"1831\" \/>\n\t<meta property=\"og:image:height\" content=\"1030\" \/>\n\t<meta property=\"og:image:type\" content=\"image\/jpeg\" \/>\n<meta name=\"author\" content=\"Gaia Salva\" \/>\n<meta name=\"twitter:card\" content=\"summary_large_image\" \/>\n<meta name=\"twitter:label1\" content=\"Verfasst von\" \/>\n\t<meta name=\"twitter:data1\" content=\"Gaia Salva\" \/>\n\t<meta name=\"twitter:label2\" content=\"Gesch\u00e4tzte Lesezeit\" \/>\n\t<meta name=\"twitter:data2\" content=\"2 Minuten\" \/>\n<script type=\"application\/ld+json\" class=\"yoast-schema-graph\">{\"@context\":\"https:\/\/schema.org\",\"@graph\":[{\"@type\":\"Article\",\"@id\":\"https:\/\/www.biometic.com\/de\/blog-de\/microtec-aenderungen-der-eigentuemerstruktur\/#article\",\"isPartOf\":{\"@id\":\"https:\/\/www.biometic.com\/de\/blog-de\/microtec-aenderungen-der-eigentuemerstruktur\/\"},\"author\":{\"name\":\"Gaia Salva\",\"@id\":\"https:\/\/www.biometic.com\/de\/#\/schema\/person\/2f52be52860248107fb18a083c4af9de\"},\"headline\":\"MiCROTEC beginnt eine neue \u00c4ra mit einer \u00c4nderung der Eigent\u00fcmerstruktur &#8211; Gr\u00fcnder und Pr\u00e4sident Federico Giudiceandrea bleibt im Vorstand\",\"datePublished\":\"2025-04-17T14:37:48+00:00\",\"dateModified\":\"2025-05-02T09:50:30+00:00\",\"mainEntityOfPage\":{\"@id\":\"https:\/\/www.biometic.com\/de\/blog-de\/microtec-aenderungen-der-eigentuemerstruktur\/\"},\"wordCount\":593,\"publisher\":{\"@id\":\"https:\/\/www.biometic.com\/de\/#organization\"},\"image\":{\"@id\":\"https:\/\/www.biometic.com\/de\/blog-de\/microtec-aenderungen-der-eigentuemerstruktur\/#primaryimage\"},\"thumbnailUrl\":\"https:\/\/www.biometic.com\/wp-content\/uploads\/2025\/04\/Company-building-1.jpg\",\"keywords\":[\"mito\",\"qeye\"],\"articleSection\":[\"Blog\"],\"inLanguage\":\"de-DE\"},{\"@type\":\"WebPage\",\"@id\":\"https:\/\/www.biometic.com\/de\/blog-de\/microtec-aenderungen-der-eigentuemerstruktur\/\",\"url\":\"https:\/\/www.biometic.com\/de\/blog-de\/microtec-aenderungen-der-eigentuemerstruktur\/\",\"name\":\"MiCROTEC beginnt eine neue \u00c4ra mit einer \u00c4nderung der Eigent\u00fcmerstruktur\",\"isPartOf\":{\"@id\":\"https:\/\/www.biometic.com\/de\/#website\"},\"primaryImageOfPage\":{\"@id\":\"https:\/\/www.biometic.com\/de\/blog-de\/microtec-aenderungen-der-eigentuemerstruktur\/#primaryimage\"},\"image\":{\"@id\":\"https:\/\/www.biometic.com\/de\/blog-de\/microtec-aenderungen-der-eigentuemerstruktur\/#primaryimage\"},\"thumbnailUrl\":\"https:\/\/www.biometic.com\/wp-content\/uploads\/2025\/04\/Company-building-1.jpg\",\"datePublished\":\"2025-04-17T14:37:48+00:00\",\"dateModified\":\"2025-05-02T09:50:30+00:00\",\"description\":\"Clessidra Private Equity erwirbt MiCROTEC, den Marktf\u00fchrer f\u00fcr innovative Scanl\u00f6sungen f\u00fcr Holz und, mit der Marke BIOMETiC, auch f\u00fcr die Qualit\u00e4tskontrolle von Lebensmitteln.\",\"breadcrumb\":{\"@id\":\"https:\/\/www.biometic.com\/de\/blog-de\/microtec-aenderungen-der-eigentuemerstruktur\/#breadcrumb\"},\"inLanguage\":\"de-DE\",\"potentialAction\":[{\"@type\":\"ReadAction\",\"target\":[\"https:\/\/www.biometic.com\/de\/blog-de\/microtec-aenderungen-der-eigentuemerstruktur\/\"]}]},{\"@type\":\"ImageObject\",\"inLanguage\":\"de-DE\",\"@id\":\"https:\/\/www.biometic.com\/de\/blog-de\/microtec-aenderungen-der-eigentuemerstruktur\/#primaryimage\",\"url\":\"https:\/\/www.biometic.com\/wp-content\/uploads\/2025\/04\/Company-building-1.jpg\",\"contentUrl\":\"https:\/\/www.biometic.com\/wp-content\/uploads\/2025\/04\/Company-building-1.jpg\",\"width\":1831,\"height\":1030,\"caption\":\"MiCROTEC Company building\"},{\"@type\":\"BreadcrumbList\",\"@id\":\"https:\/\/www.biometic.com\/de\/blog-de\/microtec-aenderungen-der-eigentuemerstruktur\/#breadcrumb\",\"itemListElement\":[{\"@type\":\"ListItem\",\"position\":1,\"name\":\"Home\",\"item\":\"https:\/\/www.biometic.com\/de\/\"},{\"@type\":\"ListItem\",\"position\":2,\"name\":\"Blog\",\"item\":\"https:\/\/www.biometic.com\/de\/blog-de\/\"},{\"@type\":\"ListItem\",\"position\":3,\"name\":\"MiCROTEC beginnt eine neue \u00c4ra mit einer \u00c4nderung der Eigent\u00fcmerstruktur &#8211; Gr\u00fcnder und Pr\u00e4sident Federico Giudiceandrea bleibt im Vorstand\"}]},{\"@type\":\"WebSite\",\"@id\":\"https:\/\/www.biometic.com\/de\/#website\",\"url\":\"https:\/\/www.biometic.com\/de\/\",\"name\":\"BIOMETiC\",\"description\":\"BIOMETiC 3D X-ray Food Inspection Company\",\"publisher\":{\"@id\":\"https:\/\/www.biometic.com\/de\/#organization\"},\"potentialAction\":[{\"@type\":\"SearchAction\",\"target\":{\"@type\":\"EntryPoint\",\"urlTemplate\":\"https:\/\/www.biometic.com\/de\/?s={search_term_string}\"},\"query-input\":{\"@type\":\"PropertyValueSpecification\",\"valueRequired\":true,\"valueName\":\"search_term_string\"}}],\"inLanguage\":\"de-DE\"},{\"@type\":\"Organization\",\"@id\":\"https:\/\/www.biometic.com\/de\/#organization\",\"name\":\"Biometic\",\"url\":\"https:\/\/www.biometic.com\/de\/\",\"logo\":{\"@type\":\"ImageObject\",\"inLanguage\":\"de-DE\",\"@id\":\"https:\/\/www.biometic.com\/de\/#\/schema\/logo\/image\/\",\"url\":\"https:\/\/www.biometic.com\/wp-content\/uploads\/2021\/08\/logo-biometic.png\",\"contentUrl\":\"https:\/\/www.biometic.com\/wp-content\/uploads\/2021\/08\/logo-biometic.png\",\"width\":348,\"height\":62,\"caption\":\"Biometic\"},\"image\":{\"@id\":\"https:\/\/www.biometic.com\/de\/#\/schema\/logo\/image\/\"}},{\"@type\":\"Person\",\"@id\":\"https:\/\/www.biometic.com\/de\/#\/schema\/person\/2f52be52860248107fb18a083c4af9de\",\"name\":\"Gaia Salva\"}]}<\/script>\n<!-- \/ Yoast SEO plugin. -->","yoast_head_json":{"title":"MiCROTEC beginnt eine neue \u00c4ra mit einer \u00c4nderung der Eigent\u00fcmerstruktur","description":"Clessidra Private Equity erwirbt MiCROTEC, den Marktf\u00fchrer f\u00fcr innovative Scanl\u00f6sungen f\u00fcr Holz und, mit der Marke BIOMETiC, auch f\u00fcr die Qualit\u00e4tskontrolle von Lebensmitteln.","robots":{"index":"index","follow":"follow","max-snippet":"max-snippet:-1","max-image-preview":"max-image-preview:large","max-video-preview":"max-video-preview:-1"},"canonical":"https:\/\/www.biometic.com\/de\/blog-de\/microtec-aenderungen-der-eigentuemerstruktur\/","og_locale":"de_DE","og_type":"article","og_title":"MiCROTEC beginnt eine neue \u00c4ra mit einer \u00c4nderung der Eigent\u00fcmerstruktur","og_description":"Clessidra Private Equity erwirbt MiCROTEC, den Marktf\u00fchrer f\u00fcr innovative Scanl\u00f6sungen f\u00fcr Holz und, mit der Marke BIOMETiC, auch f\u00fcr die Qualit\u00e4tskontrolle von Lebensmitteln.","og_url":"https:\/\/www.biometic.com\/de\/blog-de\/microtec-aenderungen-der-eigentuemerstruktur\/","og_site_name":"BIOMETiC","article_published_time":"2025-04-17T14:37:48+00:00","article_modified_time":"2025-05-02T09:50:30+00:00","og_image":[{"width":1831,"height":1030,"url":"https:\/\/www.biometic.com\/wp-content\/uploads\/2025\/04\/Company-building-1.jpg","type":"image\/jpeg"}],"author":"Gaia Salva","twitter_card":"summary_large_image","twitter_misc":{"Verfasst von":"Gaia Salva","Gesch\u00e4tzte Lesezeit":"2 Minuten"},"schema":{"@context":"https:\/\/schema.org","@graph":[{"@type":"Article","@id":"https:\/\/www.biometic.com\/de\/blog-de\/microtec-aenderungen-der-eigentuemerstruktur\/#article","isPartOf":{"@id":"https:\/\/www.biometic.com\/de\/blog-de\/microtec-aenderungen-der-eigentuemerstruktur\/"},"author":{"name":"Gaia Salva","@id":"https:\/\/www.biometic.com\/de\/#\/schema\/person\/2f52be52860248107fb18a083c4af9de"},"headline":"MiCROTEC beginnt eine neue \u00c4ra mit einer \u00c4nderung der Eigent\u00fcmerstruktur &#8211; Gr\u00fcnder und Pr\u00e4sident Federico Giudiceandrea bleibt im Vorstand","datePublished":"2025-04-17T14:37:48+00:00","dateModified":"2025-05-02T09:50:30+00:00","mainEntityOfPage":{"@id":"https:\/\/www.biometic.com\/de\/blog-de\/microtec-aenderungen-der-eigentuemerstruktur\/"},"wordCount":593,"publisher":{"@id":"https:\/\/www.biometic.com\/de\/#organization"},"image":{"@id":"https:\/\/www.biometic.com\/de\/blog-de\/microtec-aenderungen-der-eigentuemerstruktur\/#primaryimage"},"thumbnailUrl":"https:\/\/www.biometic.com\/wp-content\/uploads\/2025\/04\/Company-building-1.jpg","keywords":["mito","qeye"],"articleSection":["Blog"],"inLanguage":"de-DE"},{"@type":"WebPage","@id":"https:\/\/www.biometic.com\/de\/blog-de\/microtec-aenderungen-der-eigentuemerstruktur\/","url":"https:\/\/www.biometic.com\/de\/blog-de\/microtec-aenderungen-der-eigentuemerstruktur\/","name":"MiCROTEC beginnt eine neue \u00c4ra mit einer \u00c4nderung der Eigent\u00fcmerstruktur","isPartOf":{"@id":"https:\/\/www.biometic.com\/de\/#website"},"primaryImageOfPage":{"@id":"https:\/\/www.biometic.com\/de\/blog-de\/microtec-aenderungen-der-eigentuemerstruktur\/#primaryimage"},"image":{"@id":"https:\/\/www.biometic.com\/de\/blog-de\/microtec-aenderungen-der-eigentuemerstruktur\/#primaryimage"},"thumbnailUrl":"https:\/\/www.biometic.com\/wp-content\/uploads\/2025\/04\/Company-building-1.jpg","datePublished":"2025-04-17T14:37:48+00:00","dateModified":"2025-05-02T09:50:30+00:00","description":"Clessidra Private Equity erwirbt MiCROTEC, den Marktf\u00fchrer f\u00fcr innovative Scanl\u00f6sungen f\u00fcr Holz und, mit der Marke BIOMETiC, auch f\u00fcr die Qualit\u00e4tskontrolle von Lebensmitteln.","breadcrumb":{"@id":"https:\/\/www.biometic.com\/de\/blog-de\/microtec-aenderungen-der-eigentuemerstruktur\/#breadcrumb"},"inLanguage":"de-DE","potentialAction":[{"@type":"ReadAction","target":["https:\/\/www.biometic.com\/de\/blog-de\/microtec-aenderungen-der-eigentuemerstruktur\/"]}]},{"@type":"ImageObject","inLanguage":"de-DE","@id":"https:\/\/www.biometic.com\/de\/blog-de\/microtec-aenderungen-der-eigentuemerstruktur\/#primaryimage","url":"https:\/\/www.biometic.com\/wp-content\/uploads\/2025\/04\/Company-building-1.jpg","contentUrl":"https:\/\/www.biometic.com\/wp-content\/uploads\/2025\/04\/Company-building-1.jpg","width":1831,"height":1030,"caption":"MiCROTEC Company building"},{"@type":"BreadcrumbList","@id":"https:\/\/www.biometic.com\/de\/blog-de\/microtec-aenderungen-der-eigentuemerstruktur\/#breadcrumb","itemListElement":[{"@type":"ListItem","position":1,"name":"Home","item":"https:\/\/www.biometic.com\/de\/"},{"@type":"ListItem","position":2,"name":"Blog","item":"https:\/\/www.biometic.com\/de\/blog-de\/"},{"@type":"ListItem","position":3,"name":"MiCROTEC beginnt eine neue \u00c4ra mit einer \u00c4nderung der Eigent\u00fcmerstruktur &#8211; Gr\u00fcnder und Pr\u00e4sident Federico Giudiceandrea bleibt im Vorstand"}]},{"@type":"WebSite","@id":"https:\/\/www.biometic.com\/de\/#website","url":"https:\/\/www.biometic.com\/de\/","name":"BIOMETiC","description":"BIOMETiC 3D X-ray Food Inspection Company","publisher":{"@id":"https:\/\/www.biometic.com\/de\/#organization"},"potentialAction":[{"@type":"SearchAction","target":{"@type":"EntryPoint","urlTemplate":"https:\/\/www.biometic.com\/de\/?s={search_term_string}"},"query-input":{"@type":"PropertyValueSpecification","valueRequired":true,"valueName":"search_term_string"}}],"inLanguage":"de-DE"},{"@type":"Organization","@id":"https:\/\/www.biometic.com\/de\/#organization","name":"Biometic","url":"https:\/\/www.biometic.com\/de\/","logo":{"@type":"ImageObject","inLanguage":"de-DE","@id":"https:\/\/www.biometic.com\/de\/#\/schema\/logo\/image\/","url":"https:\/\/www.biometic.com\/wp-content\/uploads\/2021\/08\/logo-biometic.png","contentUrl":"https:\/\/www.biometic.com\/wp-content\/uploads\/2021\/08\/logo-biometic.png","width":348,"height":62,"caption":"Biometic"},"image":{"@id":"https:\/\/www.biometic.com\/de\/#\/schema\/logo\/image\/"}},{"@type":"Person","@id":"https:\/\/www.biometic.com\/de\/#\/schema\/person\/2f52be52860248107fb18a083c4af9de","name":"Gaia Salva"}]}},"_links":{"self":[{"href":"https:\/\/www.biometic.com\/de\/wp-json\/wp\/v2\/posts\/28065"}],"collection":[{"href":"https:\/\/www.biometic.com\/de\/wp-json\/wp\/v2\/posts"}],"about":[{"href":"https:\/\/www.biometic.com\/de\/wp-json\/wp\/v2\/types\/post"}],"author":[{"embeddable":true,"href":"https:\/\/www.biometic.com\/de\/wp-json\/wp\/v2\/users\/6"}],"replies":[{"embeddable":true,"href":"https:\/\/www.biometic.com\/de\/wp-json\/wp\/v2\/comments?post=28065"}],"version-history":[{"count":9,"href":"https:\/\/www.biometic.com\/de\/wp-json\/wp\/v2\/posts\/28065\/revisions"}],"predecessor-version":[{"id":28085,"href":"https:\/\/www.biometic.com\/de\/wp-json\/wp\/v2\/posts\/28065\/revisions\/28085"}],"wp:featuredmedia":[{"embeddable":true,"href":"https:\/\/www.biometic.com\/de\/wp-json\/wp\/v2\/media\/28046"}],"wp:attachment":[{"href":"https:\/\/www.biometic.com\/de\/wp-json\/wp\/v2\/media?parent=28065"}],"wp:term":[{"taxonomy":"category","embeddable":true,"href":"https:\/\/www.biometic.com\/de\/wp-json\/wp\/v2\/categories?post=28065"},{"taxonomy":"post_tag","embeddable":true,"href":"https:\/\/www.biometic.com\/de\/wp-json\/wp\/v2\/tags?post=28065"}],"curies":[{"name":"wp","href":"https:\/\/api.w.org\/{rel}","templated":true}]}}